{"id":12751,"date":"2021-05-05T08:00:00","date_gmt":"2021-05-05T06:00:00","guid":{"rendered":"https:\/\/vocum.ca\/?p=12751"},"modified":"2025-03-24T21:28:28","modified_gmt":"2025-03-24T20:28:28","slug":"appel-a-communication-2021","status":"publish","type":"post","link":"https:\/\/vocum.ca\/en\/appel-a-communication-2021\/","title":{"rendered":"Appel \u00e0 communications 2021"},"content":{"rendered":"\n<p>Nous avons le plaisir de vous inviter \u00e0 soumettre une proposition de communication pour la 8e \u00e9dition du colloque VocUM, dont le th\u00e8me est : Langage et espace. Petit rappel : le colloque se tiendra cette ann\u00e9e les 18, 19 et 20 novembre 2021.<\/p>\n\n\n\n<div class=\"wp-block-buttons is-layout-flex wp-block-buttons-is-layout-flex\">\n<div class=\"wp-block-button is-style-fill\"><a class=\"wp-block-button__link\">Voir les d\u00e9tails<\/a><\/div>\n<\/div>\n","protected":false},"excerpt":{"rendered":"<p>Nous avons le plaisir de vous inviter \u00e0 soumettre une proposition de communication pour la 8e \u00e9dition du colloque VocUM, dont le th\u00e8me est : Langage et espace. Petit rappel : le colloque se tiendra cette ann\u00e9e les 18, 19 et 20 novembre 2021.<\/p>\n","protected":false},"author":1,"featured_media":12763,"comment_status":"open","ping_status":"open","sticky":false,"template":"","format":"standard","meta":{"footnotes":""},"categories":[1],"tags":[],"class_list":["post-12751","post","type-post","status-publish","format-standard","has-post-thumbnail","hentry","category-non-classifiee"],"_links":{"self":[{"href":"https:\/\/vocum.ca\/en\/wp-json\/wp\/v2\/posts\/12751","targetHints":{"allow":["GET"]}}],"collection":[{"href":"https:\/\/vocum.ca\/en\/wp-json\/wp\/v2\/posts"}],"about":[{"href":"https:\/\/vocum.ca\/en\/wp-json\/wp\/v2\/types\/post"}],"author":[{"embeddable":true,"href":"https:\/\/vocum.ca\/en\/wp-json\/wp\/v2\/users\/1"}],"replies":[{"embeddable":true,"href":"https:\/\/vocum.ca\/en\/wp-json\/wp\/v2\/comments?post=12751"}],"version-history":[{"count":5,"href":"https:\/\/vocum.ca\/en\/wp-json\/wp\/v2\/posts\/12751\/revisions"}],"predecessor-version":[{"id":15068,"href":"https:\/\/vocum.ca\/en\/wp-json\/wp\/v2\/posts\/12751\/revisions\/15068"}],"wp:featuredmedia":[{"embeddable":true,"href":"https:\/\/vocum.ca\/en\/wp-json\/wp\/v2\/media\/12763"}],"wp:attachment":[{"href":"https:\/\/vocum.ca\/en\/wp-json\/wp\/v2\/media?parent=12751"}],"wp:term":[{"taxonomy":"category","embeddable":true,"href":"https:\/\/vocum.ca\/en\/wp-json\/wp\/v2\/categories?post=12751"},{"taxonomy":"post_tag","embeddable":true,"href":"https:\/\/vocum.ca\/en\/wp-json\/wp\/v2\/tags?post=12751"}],"curies":[{"name":"wp","href":"https:\/\/api.w.org\/{rel}","templated":true}]}}